{"id":1008,"date":"2021-10-13T17:22:01","date_gmt":"2021-10-13T20:22:01","guid":{"rendered":"https:\/\/revistas.ufpr.br\/wp\/?p=1008"},"modified":"2024-02-21T12:03:06","modified_gmt":"2024-02-21T15:03:06","slug":"revista-atoz-apresenta-trabalho-na-confoa-2021-em-portugal","status":"publish","type":"post","link":"https:\/\/revistas.ufpr.br\/wp\/revista-atoz-apresenta-trabalho-na-confoa-2021-em-portugal\/","title":{"rendered":"Revista AtoZ apresenta trabalho na Confoa 2021, em Portugal"},"content":{"rendered":"<p>Por Logan Nobre<\/p>\n<p>A\u00e7\u00f5es de marketing cient\u00edfico digital realizadas pela <a href=\"https:\/\/revistas.ufpr.br\/atoz\">revista AtoZ<\/a> s\u00e3o o foco de um artigo escrito pela equipe do peri\u00f3dico, a ser apresentado na <a href=\"http:\/\/confoa.rcaap.pt\/2021\/\">12\u00aa Confer\u00eancia Luso-Brasileira de Ci\u00eancia Aberta<\/a> (Confoa). O evento \u00e9 realizado pela <a href=\"https:\/\/www.uminho.pt\/\">Universidade do Minho<\/a>, em Braga (Portugal), e acontece de 13 a 15 de outubro, de forma remota.<\/p>\n<p>O trabalho da revista AtoZ \u00e9 intitulado \u2018O marketing cient\u00edfico digital na gest\u00e3o da revista AtoZ: novas pr\u00e1ticas em informa\u00e7\u00e3o e conhecimento\u2019 e leva as assinaturas de Rayssa Stefany Raffo, Maria Carolina Bianchi de Avis, Paula Carina de Ara\u00fajo, e Maria do Carmo Duarte Freitas.<\/p>\n<p>\u201c\u00c9 um relato de experi\u00eancia sobre o que executamos na AtoZ, dentro do conceito de ci\u00eancia aberta. A equipe \u00e9 muito apaixonada pelo que faz e penso que isto se reflete no alcance da revista dentro e fora da comunidade cient\u00edfica, por meio das a\u00e7\u00f5es de marketing\u201d, contou Paula, uma das editoras-associadas da revista AtoZ &#8212; editora\u00e7\u00e3o cient\u00edfica oficial, interdisciplinar e de acesso aberto do <a href=\"http:\/\/www.prppg.ufpr.br\/site\/ppggi\/pb\/\">Programa de P\u00f3s-Gradua\u00e7\u00e3o em Gest\u00e3o da Informa\u00e7\u00e3o<\/a> (PPGGI) da <a href=\"http:\/\/www.ufpr.br\/\">Universidade Federal do Paran\u00e1<\/a> (UFPR).<\/p>\n<p>Publica\u00e7\u00f5es em m\u00eddias sociais, um programa de podcast, press-releases e infogr\u00e1ficos est\u00e3o entre as estrat\u00e9gias de marketing cient\u00edfico digital abordadas no artigo, cuja apresenta\u00e7\u00e3o ser\u00e1 na se\u00e7\u00e3o Pecha Kucha V do Confoa, no dia 15 de outubro, \u00e0s 9h (hor\u00e1rio de Bras\u00edlia).<\/p>\n<p>A inten\u00e7\u00e3o da confer\u00eancia \u00e9 reunir as comunidades portuguesa, brasileira e de outros pa\u00edses lus\u00f3fonos, que desenvolvem atividades de investiga\u00e7\u00e3o, desenvolvimento, gest\u00e3o de servi\u00e7os e defini\u00e7\u00e3o de pol\u00edticas relacionadas \u00e0 ci\u00eancia aberta em todas as suas vertentes, nomeadamente o acesso aberto \u00e0 informa\u00e7\u00e3o cient\u00edfica e os dados de investiga\u00e7\u00e3o.<\/p>\n<p>A Confer\u00eancia Luso-Brasileira de Ci\u00eancia Aberta \u00e9 organizada pelos <a href=\"http:\/\/www.sdum.uminho.pt\/\">Servi\u00e7o de Documenta\u00e7\u00e3o e Bibliotecas da Universidade do Minho<\/a> (USDB), pela <a href=\"https:\/\/www.fct.pt\/\">Funda\u00e7\u00e3o para a Ci\u00eancia e a Tecnologia<\/a> (FCT) de Portugal e pelo <a href=\"https:\/\/www.gov.br\/ibict\/pt-br\">Instituto Brasileiro de Informa\u00e7\u00e3o em Ci\u00eancia e Tecnologia<\/a> (IBICT).<\/p>\n<p><img loading=\"lazy\" decoding=\"async\" class=\"size-medium wp-image-1009 aligncenter\" src=\"https:\/\/revistas.ufpr.br\/wp\/wp-content\/uploads\/2021\/10\/AtoZ-na-Confoa_2-300x169.png\" alt=\"\" width=\"300\" height=\"169\" srcset=\"https:\/\/revistas.ufpr.br\/wp\/wp-content\/uploads\/2021\/10\/AtoZ-na-Confoa_2-300x169.png 300w, https:\/\/revistas.ufpr.br\/wp\/wp-content\/uploads\/2021\/10\/AtoZ-na-Confoa_2-1024x576.png 1024w, https:\/\/revistas.ufpr.br\/wp\/wp-content\/uploads\/2021\/10\/AtoZ-na-Confoa_2-768x432.png 768w, https:\/\/revistas.ufpr.br\/wp\/wp-content\/uploads\/2021\/10\/AtoZ-na-Confoa_2.png 1280w\" sizes=\"auto, (max-width: 300px) 100vw, 300px\" \/><\/p>\n","protected":false},"excerpt":{"rendered":"<p>A\u00e7\u00f5es de marketing cient\u00edfico digital realizadas pela revista AtoZ s\u00e3o o foco de um artigo escrito pela equipe do peri\u00f3dico, a ser apresentado na 12\u00aa Confer\u00eancia Luso-Brasileira de Ci\u00eancia Aberta (Confoa). O evento \u00e9 realizado pela Universidade do Minho, em Braga (Portugal), e acontece de 13 a 15 de outubro, de forma remota [&#8230;]<\/p>\n","protected":false},"author":8,"featured_media":955,"comment_status":"closed","ping_status":"open","sticky":false,"template":"","format":"standard","meta":{"footnotes":""},"categories":[4],"tags":[],"class_list":["post-1008","post","type-post","status-publish","format-standard","has-post-thumbnail","hentry","category-noticias"],"_links":{"self":[{"href":"https:\/\/revistas.ufpr.br\/wp\/wp-json\/wp\/v2\/posts\/1008","targetHints":{"allow":["GET"]}}],"collection":[{"href":"https:\/\/revistas.ufpr.br\/wp\/wp-json\/wp\/v2\/posts"}],"about":[{"href":"https:\/\/revistas.ufpr.br\/wp\/wp-json\/wp\/v2\/types\/post"}],"author":[{"embeddable":true,"href":"https:\/\/revistas.ufpr.br\/wp\/wp-json\/wp\/v2\/users\/8"}],"replies":[{"embeddable":true,"href":"https:\/\/revistas.ufpr.br\/wp\/wp-json\/wp\/v2\/comments?post=1008"}],"version-history":[{"count":4,"href":"https:\/\/revistas.ufpr.br\/wp\/wp-json\/wp\/v2\/posts\/1008\/revisions"}],"predecessor-version":[{"id":1013,"href":"https:\/\/revistas.ufpr.br\/wp\/wp-json\/wp\/v2\/posts\/1008\/revisions\/1013"}],"wp:featuredmedia":[{"embeddable":true,"href":"https:\/\/revistas.ufpr.br\/wp\/wp-json\/wp\/v2\/media\/955"}],"wp:attachment":[{"href":"https:\/\/revistas.ufpr.br\/wp\/wp-json\/wp\/v2\/media?parent=1008"}],"wp:term":[{"taxonomy":"category","embeddable":true,"href":"https:\/\/revistas.ufpr.br\/wp\/wp-json\/wp\/v2\/categories?post=1008"},{"taxonomy":"post_tag","embeddable":true,"href":"https:\/\/revistas.ufpr.br\/wp\/wp-json\/wp\/v2\/tags?post=1008"}],"curies":[{"name":"wp","href":"https:\/\/api.w.org\/{rel}","templated":true}]}}